{"id":12698,"date":"2016-11-15T11:48:24","date_gmt":"2016-11-15T09:48:24","guid":{"rendered":"http:\/\/innovationsgesellschaft.ch\/en\/?p=12698"},"modified":"2019-08-05T08:54:59","modified_gmt":"2019-08-05T06:54:59","slug":"dust-minimization-pulling-together","status":"publish","type":"post","link":"https:\/\/innovationsgesellschaft.ch\/en\/dust-minimization-pulling-together\/","title":{"rendered":"Dust minimization \u2013 German Action Plan"},"content":{"rendered":"<p>Die Erkl\u00e4rung ist richtungsweisend: Sie demonstriert die Bereitschaft aller Unterzeichner sich in der wichtigen Frage der Staubbek\u00e4mpfung gemeinsam f\u00fcr Fortschritte in der Pr\u00e4vention und eine nachhaltige Verbesserung der Situation auf Baustellen einzusetzen. Die Erkl\u00e4rung baut auf bew\u00e4hrten Aktivit\u00e4ten auf. Durch systematische Kooperation und Koordinierung in den Handlungsfeldern Expositionsermittlung, Technik, Qualifikation und Kommunikation soll die Effizienz aller Einzelma\u00dfnahmen gesteigert werden. Denn staubarmes Arbeiten verhindert staubbedingte Erkrankungen der am Bau Besch\u00e4ftigten. Dar\u00fcber hinaus verbessert es das Image der Anbieter von Bau- und Baudienstleistungen.<\/p>\n<p>Weitere Informationen<br \/>\n\u2022 <a href=\"http:\/\/www.bmas.de\/SharedDocs\/Downloads\/DE\/Thema-Arbeitsschutz\/erklaerung-staubminderung-bauen.pdf?__blob=publicationFile&amp;v=2\" target=\"_blank\">Gemeinsame Erkl\u00e4rung \"Staubminderung beim Bauen\"<\/a><br \/>\n\u2022 Schluss mit Staub<br \/>\n\u2022 <a href=\"http:\/\/www.bmas.de\/SharedDocs\/Downloads\/DE\/Thema-Arbeitsschutz\/erklaerung-staubminimierung-bauen.pdf?__blob=publicationFile&amp;v=1\" target=\"_blank\">Gemeinsame Erkl\u00e4rung \"Staubminimierung beim Bauen\" <\/a><br \/>\n\u2022 <a href=\"http:\/\/www.bmas.de\/SharedDocs\/Downloads\/DE\/Thema-Arbeitsschutz\/anlage-erklaerung-staubminierung.pdf?__blob=publicationFile&amp;v=1\" target=\"_blank\">Anlage zur Gemeinsamen Erkl\u00e4rung <\/a><\/p>\n<p>Source: <a href=\"http:\/\/www.bgbau.de\/presse\/pressemeldungen\/weitere-pressemeldungen\/erklaerung-zur-staubminderung-beim-bauen-unterzeichnet\" target=\"_blank\">BG BAU<\/a>; <a href=\"http:\/\/www.bmas.de\/DE\/Presse\/Pressemitteilungen\/2016\/bei-staubminimierung-an-einem-strang-ziehen.html;jsessionid=9E3FE3B201DE54E49F731A372FADE361\" target=\"_blank\">Federal Ministry of Labour and Social Affairs<\/a><\/p>\n","protected":false},"excerpt":{"rendered":"<p>State Secretary Yasmin Fahimi, together with the social partners of the construction industry, as well as representatives of the professional association of the construction industry, signed a declaration on dust reduction in the construction industry in Berlin.<\/p>\n","protected":false},"author":22,"featured_media":12695,"comment_status":"open","ping_status":"open","sticky":false,"template":"","format":"standard","meta":{"footnotes":""},"categories":[41],"tags":[],"class_list":["post-12698","post","type-post","status-publish","format-standard","has-post-thumbnail","hentry","category-nanotechnologie"],"_links":{"self":[{"href":"https:\/\/innovationsgesellschaft.ch\/en\/wp-json\/wp\/v2\/posts\/12698","targetHints":{"allow":["GET"]}}],"collection":[{"href":"https:\/\/innovationsgesellschaft.ch\/en\/wp-json\/wp\/v2\/posts"}],"about":[{"href":"https:\/\/innovationsgesellschaft.ch\/en\/wp-json\/wp\/v2\/types\/post"}],"author":[{"embeddable":true,"href":"https:\/\/innovationsgesellschaft.ch\/en\/wp-json\/wp\/v2\/users\/22"}],"replies":[{"embeddable":true,"href":"https:\/\/innovationsgesellschaft.ch\/en\/wp-json\/wp\/v2\/comments?post=12698"}],"version-history":[{"count":2,"href":"https:\/\/innovationsgesellschaft.ch\/en\/wp-json\/wp\/v2\/posts\/12698\/revisions"}],"predecessor-version":[{"id":17695,"href":"https:\/\/innovationsgesellschaft.ch\/en\/wp-json\/wp\/v2\/posts\/12698\/revisions\/17695"}],"wp:featuredmedia":[{"embeddable":true,"href":"https:\/\/innovationsgesellschaft.ch\/en\/wp-json\/wp\/v2\/media\/12695"}],"wp:attachment":[{"href":"https:\/\/innovationsgesellschaft.ch\/en\/wp-json\/wp\/v2\/media?parent=12698"}],"wp:term":[{"taxonomy":"category","embeddable":true,"href":"https:\/\/innovationsgesellschaft.ch\/en\/wp-json\/wp\/v2\/categories?post=12698"},{"taxonomy":"post_tag","embeddable":true,"href":"https:\/\/innovationsgesellschaft.ch\/en\/wp-json\/wp\/v2\/tags?post=12698"}],"curies":[{"name":"wp","href":"https:\/\/api.w.org\/{rel}","templated":true}]}}