{"id":796,"date":"2011-06-22T08:39:45","date_gmt":"2011-06-22T08:39:45","guid":{"rendered":"http:\/\/neu.innovationsgesellschaft.ch\/?p=796"},"modified":"2013-11-14T11:51:11","modified_gmt":"2013-11-14T11:51:11","slug":"strong-support-for-nanotechnologies-education-in-switzerland","status":"publish","type":"post","link":"https:\/\/innovationsgesellschaft.ch\/en\/strong-support-for-nanotechnologies-education-in-switzerland\/","title":{"rendered":"Strong support for nanotechnologies education in Switzerland"},"content":{"rendered":"<p><strong>Eingereichter Text<\/strong><\/p>\n<p>Mikro- und Nanotechnologien (M&amp;NT) sind zentrale Zukunftstechnologien und daher f\u00fcr den Forschungs- und Werkplatz Schweiz von zentraler Bedeutung. In allen Branchen und Berufen (Detailhandel, Gesundheitswesen, Bau, Lack- und Farben, MEM, Textil etc.) werden bereits synthetische Nanomaterialien verwendet und die Anzahl von Nano-Konsumprodukten nimmt rasant zu. Berufsleute werden t\u00e4glich mit Nanotechnologien konfrontiert. Deshalb m\u00fcssen Nanotechnologien w\u00e4hrend der Ausbildung von Berufsfachlernenden sowie Mittelsch\u00fclerinnen und Mittelsch\u00fclern thematisiert werden. Dies geschieht heute kaum - und wenn \u00fcberhaupt - nur aufgrund von Einzelinitiativen engagierter Lehrpersonen. Eine zentrale Rolle m\u00fcssen Nanotechnologie-Inhalte im Unterricht auch im Hinblick auf den Dialog mit der \u00d6ffentlichkeit und die objektive und ideologiefreie Meinungsbildung von jungen Stimmb\u00fcrgerinnen und Stimmb\u00fcrgern spielen. Es soll verhindert werden, dass die Nanotechnologien \u00e4hnlich stigmatisiert werden wie die Gentechnik in den 1990er Jahren.<\/p>\n<p>Der Bundesrat hat im Aktionsplan \"Synthetische Nanomaterialien\" (Bericht des Bundesrates vom 9. April 2008) als zentrale Voraussetzung f\u00fcr eine sachliche Auseinandersetzung vorgeschlagen, dass der \u00f6ffentliche Dialog unter Einbezug der verschiedenen Stakeholder gef\u00f6rdert werde. Allerdings wurde die Aus- und Weiterbildung in Schulen und in der Berufsausbildung im Bericht nicht erw\u00e4hnt. In der Schweiz wurde deshalb im Jahr 2009 aufgrund einer privaten Initiative mit dem Aufbau der Wissens- und Bildungsplattform \"Swiss Nano-Cube\" f\u00fcr die Sekundarstufe II begonnen.<br \/>\nDas Projekt wird bis Ende 2011 von BBT, BAFU, BLW unterst\u00fctzt. Die Plattform kann ab 2012 ohne Unterst\u00fctzung durch den Bund nicht weitergef\u00fchrt werden.<\/p>\n<p>In diesem Zusammenhang habe ich folgende Fragen an den Bundesrat:<\/p>\n<p>1. Wie beurteilt er das Thema Nanotechnologie-Ausbildung f\u00fcr die Schulen der Sekundarstufe II und in der beruflichen Weiterbildung?<\/p>\n<p>2. Wie beurteilt er die Initiative \"Swiss Nano-Cube\" und in welcher Form wird sich der Bund zuk\u00fcnftig an der nachhaltigen Entwicklung und am Ausbau dieser Plattform beteiligen?<\/p>\n<p>3. Wie gedenkt er in Zukunft das Thema Aus- und Weiterbildung im Bereich Nanotechnologie ressort\u00fcbergreifend zu f\u00f6rdern?<\/p>\n<p>4. Welche Mittel wird er in Zukunft f\u00fcr die F\u00f6rderung der Aus- und Weiterbildung im Bereich der Nanotechnologie einsetzen?<\/p>\n<p>5. Wie stellt er sicher, dass die bereits erarbeiteten Grundlagen f\u00fcr die Aus- und Weiterbildung im Nanotechnologiebereich weiter entwickelt werden?<\/p>\n<p>Erstbehandelnder Rat: St\u00e4nderat<\/p>\n<p>Mitunterzeichnende (25)<\/p>\n<ul>\n<li>\u00a0\u00a0\u00a0 Altherr Hans (FDP)<\/li>\n<li>\u00a0\u00a0\u00a0 Bieri Peter (CVP)<\/li>\n<li>\u00a0\u00a0\u00a0 Br\u00e4ndli Christoffel (SVP)<\/li>\n<li>\u00a0\u00a0\u00a0 Briner Peter (FDP)<\/li>\n<li>\u00a0\u00a0\u00a0 B\u00fcrgi Hermann (SVP)<\/li>\n<li>\u00a0\u00a0\u00a0 B\u00fcttiker Rolf (FDP)<\/li>\n<li>\u00a0\u00a0\u00a0 Comte Rapha\u00ebl (PLR)<\/li>\n<li>\u00a0\u00a0\u00a0 David Eugen (CVP)<\/li>\n<li>\u00a0\u00a0\u00a0 Diener Lenz Verena (CVP)<\/li>\n<li>\u00a0\u00a0\u00a0 Egerszegi-Obrist Christine (FDP)<\/li>\n<li>\u00a0\u00a0\u00a0 Germann Hannes (SVP)<\/li>\n<li>\u00a0\u00a0\u00a0 Graber Konrad (CVP)<\/li>\n<li>\u00a0\u00a0\u00a0 Gutzwiller Felix (FDP)<\/li>\n<li>\u00a0\u00a0\u00a0 Hess Hans (FDP)<\/li>\n<li>\u00a0\u00a0\u00a0 Imoberdorf Ren\u00e9 (CVP)<\/li>\n<li>\u00a0\u00a0\u00a0 Kuprecht Alex (SVP)<\/li>\n<li>\u00a0\u00a0\u00a0 Lombardi Filippo (PPD)<\/li>\n<li>\u00a0\u00a0\u00a0 Luginb\u00fchl Werner (BDP)<\/li>\n<li>\u00a0\u00a0\u00a0 Maissen Theo (CVP)<\/li>\n<li>\u00a0\u00a0\u00a0 Niederberger Paul (CVP)<\/li>\n<li>\u00a0\u00a0\u00a0 Schwaller Urs (CVP)<\/li>\n<li>\u00a0\u00a0\u00a0 Seydoux-Christe Anne (PDC)<\/li>\n<li>\u00a0\u00a0\u00a0 Stadler Markus (CVP)<\/li>\n<li>\u00a0\u00a0\u00a0 St\u00e4helin Philipp (CVP)<\/li>\n<li>\u00a0\u00a0\u00a0 Zanetti Roberto (SP)<\/li>\n<\/ul>\n<p>Source: Curia Vista (in German)<\/p>\n","protected":false},"excerpt":{"rendered":"<p>Berne, 16.06.2011: The Swiss Council of States (St\u00e4nderat) Ivo Bischofsberger has interpellated the Swiss Federal Council, signed by 25 Councils of States. The question claims on measures of the Swiss Federal State with regard to the promotion of education in nanotechnologies in vocational schools, secondary schools as well as higher professional schools.<\/p>\n","protected":false},"author":1,"featured_media":0,"comment_status":"open","ping_status":"open","sticky":false,"template":"","format":"standard","meta":{"footnotes":""},"categories":[43],"tags":[],"class_list":["post-796","post","type-post","status-publish","format-standard","hentry","category-nanotechnology"],"_links":{"self":[{"href":"https:\/\/innovationsgesellschaft.ch\/en\/wp-json\/wp\/v2\/posts\/796","targetHints":{"allow":["GET"]}}],"collection":[{"href":"https:\/\/innovationsgesellschaft.ch\/en\/wp-json\/wp\/v2\/posts"}],"about":[{"href":"https:\/\/innovationsgesellschaft.ch\/en\/wp-json\/wp\/v2\/types\/post"}],"author":[{"embeddable":true,"href":"https:\/\/innovationsgesellschaft.ch\/en\/wp-json\/wp\/v2\/users\/1"}],"replies":[{"embeddable":true,"href":"https:\/\/innovationsgesellschaft.ch\/en\/wp-json\/wp\/v2\/comments?post=796"}],"version-history":[{"count":0,"href":"https:\/\/innovationsgesellschaft.ch\/en\/wp-json\/wp\/v2\/posts\/796\/revisions"}],"wp:attachment":[{"href":"https:\/\/innovationsgesellschaft.ch\/en\/wp-json\/wp\/v2\/media?parent=796"}],"wp:term":[{"taxonomy":"category","embeddable":true,"href":"https:\/\/innovationsgesellschaft.ch\/en\/wp-json\/wp\/v2\/categories?post=796"},{"taxonomy":"post_tag","embeddable":true,"href":"https:\/\/innovationsgesellschaft.ch\/en\/wp-json\/wp\/v2\/tags?post=796"}],"curies":[{"name":"wp","href":"https:\/\/api.w.org\/{rel}","templated":true}]}}